{"id":988,"date":"2018-07-18T08:43:30","date_gmt":"2018-07-18T06:43:30","guid":{"rendered":"http:\/\/indre24.no\/?p=988"},"modified":"2018-07-18T08:43:30","modified_gmt":"2018-07-18T06:43:30","slug":"slukket-bilbrann","status":"publish","type":"post","link":"https:\/\/mysenposten.no\/mp\/2018\/07\/18\/slukket-bilbrann\/","title":{"rendered":"Slukket bilbrann"},"content":{"rendered":"<p><span style=\"color: #000000\"><strong>Natt til onsdag rykket politiet og brannvesenet ut til en bilbrann i Mysen.<\/strong><\/span><\/p>\n<p><span style=\"color: #000000\">Politiet meldte om hendelsen klokka kvart p\u00e5 tre. Bilen sto p\u00e5 en parkeringsplass i Smedgata.<\/span><\/p>\n<p>&nbsp;<\/p>\n<blockquote class=\"twitter-tweet\" data-lang=\"no\">\n<p dir=\"ltr\" lang=\"no\"><a href=\"https:\/\/twitter.com\/hashtag\/Mysen?src=hash&amp;ref_src=twsrc%5Etfw\">#Mysen<\/a>, vi rykker ut p\u00e5 bilbrann. St\u00e5r p\u00e5 parkeringsplass. Brannvesenet er i gang med slukking.<\/p>\n<p>\u2014 Politiet i \u00d8st (@politietost) <a href=\"https:\/\/twitter.com\/politietost\/status\/1019382518452248578?ref_src=twsrc%5Etfw\">18. juli 2018<\/a><\/p><\/blockquote>\n","protected":false},"excerpt":{"rendered":"<p>Natt til onsdag rykket politiet og brannvesenet ut til en bilbrann i Mysen.<\/p>\n","protected":false},"author":1,"featured_media":989,"comment_status":"open","ping_status":"open","sticky":false,"template":"","format":"standard","meta":{"footnotes":""},"categories":[2,9],"tags":[],"post_format":[],"flags":[],"class_list":["post-988","post","type-post","status-publish","format-standard","has-post-thumbnail","hentry","category-aktuelt","category-notiser"],"cc_featured_image_caption":{"caption_text":"ARKIVFOTO: Adrian Sellstr\u00f8m","source_text":"","source_url":""},"_links":{"self":[{"href":"https:\/\/mysenposten.no\/mp\/wp-json\/wp\/v2\/posts\/988","targetHints":{"allow":["GET"]}}],"collection":[{"href":"https:\/\/mysenposten.no\/mp\/wp-json\/wp\/v2\/posts"}],"about":[{"href":"https:\/\/mysenposten.no\/mp\/wp-json\/wp\/v2\/types\/post"}],"author":[{"embeddable":true,"href":"https:\/\/mysenposten.no\/mp\/wp-json\/wp\/v2\/users\/1"}],"replies":[{"embeddable":true,"href":"https:\/\/mysenposten.no\/mp\/wp-json\/wp\/v2\/comments?post=988"}],"version-history":[{"count":0,"href":"https:\/\/mysenposten.no\/mp\/wp-json\/wp\/v2\/posts\/988\/revisions"}],"wp:featuredmedia":[{"embeddable":true,"href":"https:\/\/mysenposten.no\/mp\/wp-json\/wp\/v2\/media\/989"}],"wp:attachment":[{"href":"https:\/\/mysenposten.no\/mp\/wp-json\/wp\/v2\/media?parent=988"}],"wp:term":[{"taxonomy":"category","embeddable":true,"href":"https:\/\/mysenposten.no\/mp\/wp-json\/wp\/v2\/categories?post=988"},{"taxonomy":"post_tag","embeddable":true,"href":"https:\/\/mysenposten.no\/mp\/wp-json\/wp\/v2\/tags?post=988"},{"taxonomy":"post_format","embeddable":true,"href":"https:\/\/mysenposten.no\/mp\/wp-json\/wp\/v2\/post_format?post=988"},{"taxonomy":"flags","embeddable":true,"href":"https:\/\/mysenposten.no\/mp\/wp-json\/wp\/v2\/flags?post=988"}],"curies":[{"name":"wp","href":"https:\/\/api.w.org\/{rel}","templated":true}]}}