{"id":975,"date":"2018-06-19T23:41:21","date_gmt":"2018-06-19T21:41:21","guid":{"rendered":"http:\/\/indre24.no\/?p=975"},"modified":"2018-06-19T23:41:21","modified_gmt":"2018-06-19T21:41:21","slug":"far-stotte-til-a-jobbe-med-klart-sprak","status":"publish","type":"post","link":"https:\/\/mysenposten.no\/mp\/2018\/06\/19\/far-stotte-til-a-jobbe-med-klart-sprak\/","title":{"rendered":"F\u00e5r st\u00f8tte til \u00e5 jobbe med klart spr\u00e5k"},"content":{"rendered":"<p><strong>Indre \u00d8stfold 2020 f\u00e5r 30 000 kroner i st\u00f8tte fra KS-programmet Klart spr\u00e5k i kommunesektoren.<\/strong><\/p>\n<p><em>\u00a0\u2022 Pressemelding<\/em><\/p>\n<p>N\u00e5 skal det bli enklere \u00e5 forst\u00e5 hva kommunen mener. KS har delt ut 1,1 million kroner til spr\u00e5karbeid i kommuner og fylkeskommuner.<\/p>\n<p>&#8211; KS vil motivere flest mulig til \u00e5 komme i gang med klarspr\u00e5ksarbeid. Den byr\u00e5kratiske skrivestilen har v\u00e6rt preget av tunge formuleringer og smitte fra kompliserte lovtekster. Dette er et demokratisk problem. Klarspr\u00e5k handler om \u00e5 sette seg i lesernes sted og skrive s\u00e5 folk forst\u00e5r, sier omr\u00e5dedirekt\u00f8r i KS, Inger \u00d8stensj\u00f8.<\/p>\n<p>St\u00f8tten skal blant annet g\u00e5 til skrivekurs, brukertesting og forbedring av brev, skjemaer og nettekster. De forbedrede tekstene kan kommunene og fylkeskommunene dele med hverandre i en egen tekstbase.<\/p>\n<p>&#8211; Kommuner og fylkeskommuner har de samme oppgavene og kommuniserer med like m\u00e5lgrupper. Derfor er potensialet for deling stort, sier \u00d8stensj\u00f8.<\/p>\n<p>I juryen for st\u00f8tteordningen sitter representanter fra kommunesektoren, Spr\u00e5kr\u00e5det og Direktoratet for forvaltning og IKT (Difi). Kommunal- og moderniseringsdepartementet er med p\u00e5 \u00e5 finansiere KS-programmet klart spr\u00e5k i kommunesektoren.<\/p>\n<p>Eksempel p\u00e5 en setning f\u00f8r og etter klarspr\u00e5ksarbeid:<\/p>\n<p><strong>F\u00f8r<\/strong><br \/>\nUnder henvisning til det som for \u00f8vrig er anf\u00f8rt under respektive avsnitt, finner plan- og bygningsmyndighetene at det oms\u00f8kte tiltaket tilfredsstiller plan- og bygningsloven bestemmelser, og kan godkjennes.<\/p>\n<p><strong>Etter<\/strong><br \/>\nByggeprosjektet er i samsvar med plan- og bygningsloven, og vi godkjenner s\u00f8knaden.<\/p>\n<p style=\"text-align: right\"><em>(KILDE: Pressemelding)<\/em><\/p>\n","protected":false},"excerpt":{"rendered":"<p>Indre \u00d8stfold 2020 f\u00e5r 30 000 kroner i st\u00f8tte fra KS-programmet Klart spr\u00e5k i kommunesektoren.<\/p>\n","protected":false},"author":1,"featured_media":883,"comment_status":"open","ping_status":"open","sticky":false,"template":"","format":"standard","meta":{"footnotes":""},"categories":[2,13],"tags":[],"post_format":[],"flags":[],"class_list":["post-975","post","type-post","status-publish","format-standard","has-post-thumbnail","hentry","category-aktuelt","category-pressemeldinger"],"cc_featured_image_caption":{"caption_text":"","source_text":"Indre \u00d8stfold kommune","source_url":""},"_links":{"self":[{"href":"https:\/\/mysenposten.no\/mp\/wp-json\/wp\/v2\/posts\/975","targetHints":{"allow":["GET"]}}],"collection":[{"href":"https:\/\/mysenposten.no\/mp\/wp-json\/wp\/v2\/posts"}],"about":[{"href":"https:\/\/mysenposten.no\/mp\/wp-json\/wp\/v2\/types\/post"}],"author":[{"embeddable":true,"href":"https:\/\/mysenposten.no\/mp\/wp-json\/wp\/v2\/users\/1"}],"replies":[{"embeddable":true,"href":"https:\/\/mysenposten.no\/mp\/wp-json\/wp\/v2\/comments?post=975"}],"version-history":[{"count":0,"href":"https:\/\/mysenposten.no\/mp\/wp-json\/wp\/v2\/posts\/975\/revisions"}],"wp:featuredmedia":[{"embeddable":true,"href":"https:\/\/mysenposten.no\/mp\/wp-json\/wp\/v2\/media\/883"}],"wp:attachment":[{"href":"https:\/\/mysenposten.no\/mp\/wp-json\/wp\/v2\/media?parent=975"}],"wp:term":[{"taxonomy":"category","embeddable":true,"href":"https:\/\/mysenposten.no\/mp\/wp-json\/wp\/v2\/categories?post=975"},{"taxonomy":"post_tag","embeddable":true,"href":"https:\/\/mysenposten.no\/mp\/wp-json\/wp\/v2\/tags?post=975"},{"taxonomy":"post_format","embeddable":true,"href":"https:\/\/mysenposten.no\/mp\/wp-json\/wp\/v2\/post_format?post=975"},{"taxonomy":"flags","embeddable":true,"href":"https:\/\/mysenposten.no\/mp\/wp-json\/wp\/v2\/flags?post=975"}],"curies":[{"name":"wp","href":"https:\/\/api.w.org\/{rel}","templated":true}]}}