{"id":6950,"date":"2019-03-15T23:33:04","date_gmt":"2019-03-15T22:33:04","guid":{"rendered":"https:\/\/mysenposten.no\/mp\/?p=6950"},"modified":"2019-03-15T23:36:16","modified_gmt":"2019-03-15T22:36:16","slug":"lager-festival-pa-momarken","status":"publish","type":"post","link":"https:\/\/mysenposten.no\/mp\/2019\/03\/15\/lager-festival-pa-momarken\/","title":{"rendered":"Lager festival p\u00e5 Momarken"},"content":{"rendered":"\n<p><strong>G\u00e5r alt etter planen, ser en ny festival dagens lys p\u00e5 Momarken travbane i mai.<\/strong><\/p>\n\n\n\n<p>Festivalen har f\u00e5tt navnet Indre \u00d8stfold Festival og skal g\u00e5 av stabelen l\u00f8rdag 18. mai fra ettermiddagen og frem til midnatt.<\/p>\n\n\n\n<p>\u2013 Vi driver med mye her p\u00e5 Momarken, men har plass til mye annet, s\u00e5 slike kreative innspill til bruk av plassen er vi positive til, sier sports- og markedssjef Kjeld Henning Sandem.<\/p>\n\n\n\n<p><strong>Dr\u00f8m<\/strong><br>Han sikter da til May Chanett Bernhus sitt initiativ til \u00e5 lage en festival i samarbeid med andre lokale akt\u00f8rer.<\/p>\n\n\n\n<p>\u2013 Jeg har alltid dr\u00f8mt \u00e5 lage en musikkfestival, og jeg har gode minner herfra, forteller hun.<\/p>\n\n\n\n<p>Med seg p\u00e5 laget har hun blant andre Momarken travbane, Folk Kulturkaf\u00e9, Slakteren Brygghus og Momarken Restaurant.<\/p>\n\n\n\n<p>\u2013 Jeg er takknemlig for gode medhjelpere, skryter hun.<\/p>\n\n\n\n<p>Festivalen vil fordeles over flere omr\u00e5der. Ute blir det stor scene, barer og matstasjoner. Inne vil restauranten selge middagsbuffet og drikke. De satser p\u00e5 underholdning b\u00e5de ute og inne.<\/p>\n\n\n\n<p><strong>V\u00e6rsikkert<\/strong><br>\u2013 Blir det d\u00e5rlig v\u00e6r, er det plass til \u00e5 flytte hele arrangementet inn, presiserer arrang\u00f8rene.<\/p>\n\n\n\n<p>Bernhus sitt firma er hovedarrang\u00f8r, og hun tar hele risikoen.\u00a0<br>\u2013 Det er i tillegg sponsorer fra n\u00e6ringslivet. Dette koster mye, s\u00e5 vi m\u00e5 ha billettinntekter. Jeg er n\u00f8ktern og h\u00e5per p\u00e5 minst 300 bes\u00f8kende, forklarer hun.<\/p>\n\n\n\n<figure class=\"wp-block-image\"><img fetchpriority=\"high\" decoding=\"async\" width=\"1000\" height=\"557\" src=\"https:\/\/mysenposten.no\/mp\/wp-content\/uploads\/2019\/03\/indre\u00f8stfoldfestival_teamet2_as.jpg\" alt=\"\" class=\"wp-image-6952\" srcset=\"https:\/\/mysenposten.no\/mp\/wp-content\/uploads\/2019\/03\/indre\u00f8stfoldfestival_teamet2_as.jpg 1000w, https:\/\/mysenposten.no\/mp\/wp-content\/uploads\/2019\/03\/indre\u00f8stfoldfestival_teamet2_as-300x167.jpg 300w, https:\/\/mysenposten.no\/mp\/wp-content\/uploads\/2019\/03\/indre\u00f8stfoldfestival_teamet2_as-768x428.jpg 768w, https:\/\/mysenposten.no\/mp\/wp-content\/uploads\/2019\/03\/indre\u00f8stfoldfestival_teamet2_as-845x471.jpg 845w\" sizes=\"(max-width: 1000px) 100vw, 1000px\" \/><figcaption> Arrang\u00f8rgjengen sammen med representantene fra Momarken travbane og restauranten. (Foto: Adrian Sellstr\u00f8m) <\/figcaption><\/figure>\n\n\n\n<p>Festivalen vil starte i det sm\u00e5 med 3-4 lokale band, samt trubadurer.<\/p>\n\n\n\n<p>\u2013 Vi vil lage en festival for et bredt publikum, og \u00f8nsker at dette skal treffe alle og at vi kan vise frem hva som finnes p\u00e5 Momarken, sier Jan Erik Lier.<\/p>\n\n\n\n<p>De vil slippe artister fremover, og h\u00e5per at folk stiller opp og tar turen den store dagen.<\/p>\n","protected":false},"excerpt":{"rendered":"<p>G\u00e5r alt etter planen, ser en ny festival dagens lys p\u00e5 Momarken travbane i mai. Festivalen har f\u00e5tt navnet Indre \u00d8stfold Festival og skal g\u00e5 av stabelen l\u00f8rdag 18. mai fra ettermiddagen og frem til midnatt. \u2013 Vi driver med mye her p\u00e5 Momarken, men har plass til mye annet, s\u00e5 slike kreative innspill til &hellip;<\/p>\n","protected":false},"author":1,"featured_media":6951,"comment_status":"closed","ping_status":"closed","sticky":false,"template":"","format":"standard","meta":{"footnotes":""},"categories":[5,11],"tags":[72,96],"post_format":[],"flags":[],"class_list":["post-6950","post","type-post","status-publish","format-standard","has-post-thumbnail","hentry","category-kultur-og-underholdning","category-opplevelser","tag-kultur","tag-opplevelser"],"cc_featured_image_caption":{"caption_text":"Frank Pedersen, May Chanett Bernhus, Fredrik Hartviksen og Jan Erik Lier gleder seg til festival. \u00d8yvind Larsen var ikke til stede da bildet ble tatt. (Foto: Adrian Sellstr\u00f8m)","source_text":"","source_url":""},"_links":{"self":[{"href":"https:\/\/mysenposten.no\/mp\/wp-json\/wp\/v2\/posts\/6950","targetHints":{"allow":["GET"]}}],"collection":[{"href":"https:\/\/mysenposten.no\/mp\/wp-json\/wp\/v2\/posts"}],"about":[{"href":"https:\/\/mysenposten.no\/mp\/wp-json\/wp\/v2\/types\/post"}],"author":[{"embeddable":true,"href":"https:\/\/mysenposten.no\/mp\/wp-json\/wp\/v2\/users\/1"}],"replies":[{"embeddable":true,"href":"https:\/\/mysenposten.no\/mp\/wp-json\/wp\/v2\/comments?post=6950"}],"version-history":[{"count":1,"href":"https:\/\/mysenposten.no\/mp\/wp-json\/wp\/v2\/posts\/6950\/revisions"}],"predecessor-version":[{"id":6953,"href":"https:\/\/mysenposten.no\/mp\/wp-json\/wp\/v2\/posts\/6950\/revisions\/6953"}],"wp:featuredmedia":[{"embeddable":true,"href":"https:\/\/mysenposten.no\/mp\/wp-json\/wp\/v2\/media\/6951"}],"wp:attachment":[{"href":"https:\/\/mysenposten.no\/mp\/wp-json\/wp\/v2\/media?parent=6950"}],"wp:term":[{"taxonomy":"category","embeddable":true,"href":"https:\/\/mysenposten.no\/mp\/wp-json\/wp\/v2\/categories?post=6950"},{"taxonomy":"post_tag","embeddable":true,"href":"https:\/\/mysenposten.no\/mp\/wp-json\/wp\/v2\/tags?post=6950"},{"taxonomy":"post_format","embeddable":true,"href":"https:\/\/mysenposten.no\/mp\/wp-json\/wp\/v2\/post_format?post=6950"},{"taxonomy":"flags","embeddable":true,"href":"https:\/\/mysenposten.no\/mp\/wp-json\/wp\/v2\/flags?post=6950"}],"curies":[{"name":"wp","href":"https:\/\/api.w.org\/{rel}","templated":true}]}}