{"id":5443,"date":"2018-09-19T15:44:10","date_gmt":"2018-09-19T13:44:10","guid":{"rendered":"https:\/\/indre24.no\/mptest\/2018\/09\/19\/arrangerer-apen-brannstasjon\/"},"modified":"2018-09-19T15:44:10","modified_gmt":"2018-09-19T13:44:10","slug":"arrangerer-apen-brannstasjon","status":"publish","type":"post","link":"https:\/\/mysenposten.no\/mp\/2018\/09\/19\/arrangerer-apen-brannstasjon\/","title":{"rendered":"Arrangerer \u00e5pen brannstasjon"},"content":{"rendered":"\n<p><span style=\"font-size: 14pt\"><strong><span style=\"color: #000000\"><br \/>L\u00f8rdag 22. september er det igjen klart for \u00e5pen brannstasjon i Mysen.\u00a0<\/span><\/strong><\/span><\/p>\n<p><span style=\"color: #000000;font-size: 12pt\">&#8211; \u00c5pen dag er et popul\u00e6rt arrangement til glede for b\u00e5de store og sm\u00e5. Vi vil gjennomf\u00f8re demonstrasjoner, gi informasjon om brannsikkerhet i hjemmet og ha andre morsomme aktiviteter, opplyser Indre \u00d8stfold Brann og Redning p\u00e5 <a href=\"https:\/\/www.facebook.com\/events\/330803574333595\" target=\"_blank\" rel=\"noopener noreferrer\">Facebook<\/a>.<\/span><\/p>\n<p><span style=\"color: #000000;font-size: 12pt\">Arrangementet g\u00e5r av stabelen mellom klokka 11 og 14, og arrang\u00f8ren opplyser at det er begrenset med parkeringsplasser ved brannstasjonen.\u00a0<\/span><\/p>\n<hr \/>\n<p><span style=\"color: #000000;font-size: 12pt\">{loadposition ad1}<\/span><\/p>\n","protected":false},"excerpt":{"rendered":"<p><span style=\"color: #000000;font-size: 12pt\">L\u00f8rdag 22. september er det igjen klart for \u00e5pen brannstasjon i Mysen.\u00a0<\/span><\/p>\n","protected":false},"author":1,"featured_media":0,"comment_status":"open","ping_status":"open","sticky":false,"template":"","format":"standard","meta":{"footnotes":""},"categories":[1],"tags":[],"post_format":[],"flags":[],"class_list":["post-5443","post","type-post","status-publish","format-standard","hentry","category-ukategorisert"],"cc_featured_image_caption":{"caption_text":false,"source_text":false,"source_url":false},"_links":{"self":[{"href":"https:\/\/mysenposten.no\/mp\/wp-json\/wp\/v2\/posts\/5443","targetHints":{"allow":["GET"]}}],"collection":[{"href":"https:\/\/mysenposten.no\/mp\/wp-json\/wp\/v2\/posts"}],"about":[{"href":"https:\/\/mysenposten.no\/mp\/wp-json\/wp\/v2\/types\/post"}],"author":[{"embeddable":true,"href":"https:\/\/mysenposten.no\/mp\/wp-json\/wp\/v2\/users\/1"}],"replies":[{"embeddable":true,"href":"https:\/\/mysenposten.no\/mp\/wp-json\/wp\/v2\/comments?post=5443"}],"version-history":[{"count":0,"href":"https:\/\/mysenposten.no\/mp\/wp-json\/wp\/v2\/posts\/5443\/revisions"}],"wp:attachment":[{"href":"https:\/\/mysenposten.no\/mp\/wp-json\/wp\/v2\/media?parent=5443"}],"wp:term":[{"taxonomy":"category","embeddable":true,"href":"https:\/\/mysenposten.no\/mp\/wp-json\/wp\/v2\/categories?post=5443"},{"taxonomy":"post_tag","embeddable":true,"href":"https:\/\/mysenposten.no\/mp\/wp-json\/wp\/v2\/tags?post=5443"},{"taxonomy":"post_format","embeddable":true,"href":"https:\/\/mysenposten.no\/mp\/wp-json\/wp\/v2\/post_format?post=5443"},{"taxonomy":"flags","embeddable":true,"href":"https:\/\/mysenposten.no\/mp\/wp-json\/wp\/v2\/flags?post=5443"}],"curies":[{"name":"wp","href":"https:\/\/api.w.org\/{rel}","templated":true}]}}