{"id":4896,"date":"2015-08-20T22:00:00","date_gmt":"2015-08-20T20:00:00","guid":{"rendered":"https:\/\/indre24.no\/mptest\/2015\/08\/20\/nattarbeid-pa-jernbanen\/"},"modified":"2015-08-20T22:00:00","modified_gmt":"2015-08-20T20:00:00","slug":"nattarbeid-pa-jernbanen","status":"publish","type":"post","link":"https:\/\/mysenposten.no\/mp\/2015\/08\/20\/nattarbeid-pa-jernbanen\/","title":{"rendered":"Nattarbeid p\u00e5 jernbanen"},"content":{"rendered":"\n<p><span style=\"font-size: 14pt\"><strong>Fra natt til mandag og den kommende uka blir det utf\u00f8rt nattarbeid langs jernbanestrekningen mellom Mysen og Rakkestad.<\/strong><\/span><\/p>\n<p>Arbeidet g\u00e5r if\u00f8lge Jernbaneverket ut p\u00e5 sveising av isolerte skj\u00f8ter og n\u00f8ytralisering av skinnene.<\/p>\n<p>\u2013 Ved bygging av nytt spor, skinnebytte eller hver gang skinnen kappes i forbindelse med vedlikehold av spor, m\u00e5 det sikres at skinnene f\u00e5r riktig n\u00f8ytraltemperatur. Denne n\u00f8ytraliseringen s\u00f8rger for at balansepunktet mellom trykk- og strekkrefter i skinnen blir riktig, og da begrenses p\u00e5virkningen fra temperaturkreftene. Dette gj\u00f8res i henhold til bestemte prosedyrer som blant annet inneb\u00e6rer at skinnetemperaturen m\u00e5 ligge innenfor et visst omr\u00e5de. Derfor kan ikke n\u00f8ytralisering av spor gj\u00f8res hvis det er s\u00e6rlig varmt eller kaldt i lufta (over 24 eller under cirka 0 grader), skriver kommunikasjonsr\u00e5dgiver og nabokontakt Britt Wang i en pressemelding fra Jernbaneverket.<\/p>\n<p>For \u00e5 kunne utf\u00f8re denne prosessen m\u00e5 skinnene kuttes og sveises. Det medf\u00f8rer en del st\u00f8y om natten, men de h\u00e5per \u00e5 forstyrre minst mulig. Mellom Mysen og Rakkestad blir det 48 sveis og kapp av skinner. De beregner rundt to timer pr sveis.<\/p>\n<p>Jernbaneverket opplyser at de tilbyr alternativ overnatting, etter s\u00e6rskilt avtale, til spesielt ber\u00f8rte naboer. Arbeidet vil p\u00e5g\u00e5 mellom klokka 20 og 07 hele uke 35.<\/p>\n<p>Togtrafikken p\u00e5 \u00d8stre linje skulle egentlig startet opp 17. august etter sommerens arbeider og testkj\u00f8ring i forbindelse med ERMTS-oppgraderingen,\u00a0<span style=\"color: #800000\"><a style=\"color: #800000\" href=\"http:\/\/www.jernbaneverket.no\/Nyheter\/Nyhetsarkiv\/2015\/trafikkstart-pa-ostre-linje-utsatt\/\" target=\"_blank\" rel=\"alternate\">men ble utsatt<\/a><\/span> da det var behov for mer tid til testing og godkjenning av det nye signalanlegget.<\/p>\n<hr \/>\n<p><strong>SE OGS\u00c5:<\/strong>\u00a0<span style=\"color: #800000\"><a style=\"color: #800000\" href=\"https:\/\/indre24.no\/mptest\/2015\/06\/28\/her-mottas-siste-tog-manuelt-pa-mysen-stasjon\/\" target=\"_blank\" rel=\"alternate\">Her mottas siste tog manuelt p\u00e5 Mysen stasjon<\/a><\/span> | <span style=\"color: #800000\"><a style=\"color: #800000\" href=\"https:\/\/indre24.no\/mptest\/2015\/06\/27\/na-stenges-ostre-linje-for-sommeren\/\" target=\"_blank\" rel=\"alternate\">N\u00e5 stenges \u00d8stre linje for sommeren<\/a><\/span><\/p>\n","protected":false},"excerpt":{"rendered":"<\/p>\n<p>Fra natt til mandag og den kommende uka blir det utf\u00f8rt nattarbeid langs jernbanestrekningen mellom Mysen og Rakkestad.<\/p>\n","protected":false},"author":1,"featured_media":4895,"comment_status":"open","ping_status":"open","sticky":false,"template":"","format":"standard","meta":{"footnotes":""},"categories":[1],"tags":[],"post_format":[],"flags":[],"class_list":["post-4896","post","type-post","status-publish","format-standard","has-post-thumbnail","hentry","category-ukategorisert"],"cc_featured_image_caption":{"caption_text":false,"source_text":false,"source_url":false},"_links":{"self":[{"href":"https:\/\/mysenposten.no\/mp\/wp-json\/wp\/v2\/posts\/4896","targetHints":{"allow":["GET"]}}],"collection":[{"href":"https:\/\/mysenposten.no\/mp\/wp-json\/wp\/v2\/posts"}],"about":[{"href":"https:\/\/mysenposten.no\/mp\/wp-json\/wp\/v2\/types\/post"}],"author":[{"embeddable":true,"href":"https:\/\/mysenposten.no\/mp\/wp-json\/wp\/v2\/users\/1"}],"replies":[{"embeddable":true,"href":"https:\/\/mysenposten.no\/mp\/wp-json\/wp\/v2\/comments?post=4896"}],"version-history":[{"count":0,"href":"https:\/\/mysenposten.no\/mp\/wp-json\/wp\/v2\/posts\/4896\/revisions"}],"wp:attachment":[{"href":"https:\/\/mysenposten.no\/mp\/wp-json\/wp\/v2\/media?parent=4896"}],"wp:term":[{"taxonomy":"category","embeddable":true,"href":"https:\/\/mysenposten.no\/mp\/wp-json\/wp\/v2\/categories?post=4896"},{"taxonomy":"post_tag","embeddable":true,"href":"https:\/\/mysenposten.no\/mp\/wp-json\/wp\/v2\/tags?post=4896"},{"taxonomy":"post_format","embeddable":true,"href":"https:\/\/mysenposten.no\/mp\/wp-json\/wp\/v2\/post_format?post=4896"},{"taxonomy":"flags","embeddable":true,"href":"https:\/\/mysenposten.no\/mp\/wp-json\/wp\/v2\/flags?post=4896"}],"curies":[{"name":"wp","href":"https:\/\/api.w.org\/{rel}","templated":true}]}}