{"id":4891,"date":"2015-08-18T22:00:00","date_gmt":"2015-08-18T20:00:00","guid":{"rendered":"https:\/\/indre24.no\/mptest\/2015\/08\/18\/vibeke-legger-opp\/"},"modified":"2015-08-18T22:00:00","modified_gmt":"2015-08-18T20:00:00","slug":"vibeke-legger-opp","status":"publish","type":"post","link":"https:\/\/mysenposten.no\/mp\/2015\/08\/18\/vibeke-legger-opp\/","title":{"rendered":"Vibeke legger opp"},"content":{"rendered":"\n<p><span style=\"font-size: 14pt\"><strong>Vibeke Skofterud fra Slitu har besluttet \u00e5 legge opp.<\/strong> <\/span><\/p>\n<p>Tirsdag ble f\u00f8lgende pressemelding sendt ut:<br \/>\u00abN\u00e5 skal OL- og VM-vinneren l\u00e6re andre \u00e5 g\u00e5 p\u00e5 ski.<br \/>\u2013\u00a0Det har v\u00e6rt b\u00e5de enkelt og vanskelig \u00e5 gi slipp p\u00e5 det som har v\u00e6rt livet mitt i 20 \u00e5r. Det har sakte, men sikkert g\u00e5tt opp for meg at det ikke har v\u00e6rt mulig \u00e5 fortsett karrieren i skisporet p\u00e5 et niv\u00e5 jeg \u00f8nsker. Derfor er det slutt n\u00e5, sier Vibeke Skofterud.<\/p>\n<p>35-\u00e5ringen fra Slitu gikk ut av landslaget etter sesongen 2013\/2014 og var inntil i sommer tilknyttet privatlaget Team Santander. Skader og sykdom gjorde imidlertid at hun ikke gikk skirenn forrige vinter.<\/p>\n<p>\u2013 Kroppen har sagt klart i fra over lengre tid, og n\u00e5 var det p\u00e5 tide \u00e5 si skikkelig stopp. Jeg har f\u00e5tt levd ut dr\u00f8mmen, konkurrert med verdens beste, skapt venner for livet og f\u00e5tt v\u00e6re med p\u00e5 verdens mest suksessrike landslag. Det har kostet, men det har v\u00e6rt et sant privilegium, forklarer Skofterud &#8211; som kan se tilbake p\u00e5 OL-gull i stafett (Vancouver 2010), VM-titler i samme gren (Oberstdorf 2005 og Oslo 2011) og seier i Vasaloppet (2012) som resultatmessige h\u00f8ydepunkt.<\/p>\n<p>Fremover skal Skofterud jobbe med st\u00f8rre TV-oppdrag og bruke sin skikunnskap til \u00e5 gj\u00f8re andre gode.<\/p>\n<p>\u2013 N\u00e5 blir det fullt fokus p\u00e5 \u00e5 kj\u00f8re egne skikurs og foredrag. Jeg \u00f8nsker \u00e5 dele den unike erfaringen jeg har f\u00e5tt lov til \u00e5 opparbeide meg gjennom 20 \u00e5r, og f\u00e5 andre til \u00e5 oppleve gleden av \u00e5 spenne p\u00e5 seg skiene. Jeg har f\u00e5tt levd ut min dr\u00f8m, n\u00e5 skal jeg bidra til at andre f\u00e5r oppfylt sin, sier Vibeke Skofterud.<\/p>\n<p>Ytterliggere informasjon finnes p\u00e5 bloggen <a href=\"http:\/\/www.vibekeskofterud.com\u00c2\u00bb\">www.vibekeskofterud.com<\/a><span style=\"color: #000000\">.\u00bb<\/span><\/p>\n<p style=\"text-align: right\"><em>KILDE: Pressemelding<\/em><\/p>\n","protected":false},"excerpt":{"rendered":"<\/p>\n<p>Vibeke Skofterud fra Slitu har besluttet \u00e5 legge opp.<\/p>\n","protected":false},"author":1,"featured_media":2316,"comment_status":"open","ping_status":"open","sticky":false,"template":"","format":"standard","meta":{"footnotes":""},"categories":[1],"tags":[],"post_format":[],"flags":[],"class_list":["post-4891","post","type-post","status-publish","format-standard","has-post-thumbnail","hentry","category-ukategorisert"],"cc_featured_image_caption":{"caption_text":false,"source_text":false,"source_url":false},"_links":{"self":[{"href":"https:\/\/mysenposten.no\/mp\/wp-json\/wp\/v2\/posts\/4891","targetHints":{"allow":["GET"]}}],"collection":[{"href":"https:\/\/mysenposten.no\/mp\/wp-json\/wp\/v2\/posts"}],"about":[{"href":"https:\/\/mysenposten.no\/mp\/wp-json\/wp\/v2\/types\/post"}],"author":[{"embeddable":true,"href":"https:\/\/mysenposten.no\/mp\/wp-json\/wp\/v2\/users\/1"}],"replies":[{"embeddable":true,"href":"https:\/\/mysenposten.no\/mp\/wp-json\/wp\/v2\/comments?post=4891"}],"version-history":[{"count":0,"href":"https:\/\/mysenposten.no\/mp\/wp-json\/wp\/v2\/posts\/4891\/revisions"}],"wp:attachment":[{"href":"https:\/\/mysenposten.no\/mp\/wp-json\/wp\/v2\/media?parent=4891"}],"wp:term":[{"taxonomy":"category","embeddable":true,"href":"https:\/\/mysenposten.no\/mp\/wp-json\/wp\/v2\/categories?post=4891"},{"taxonomy":"post_tag","embeddable":true,"href":"https:\/\/mysenposten.no\/mp\/wp-json\/wp\/v2\/tags?post=4891"},{"taxonomy":"post_format","embeddable":true,"href":"https:\/\/mysenposten.no\/mp\/wp-json\/wp\/v2\/post_format?post=4891"},{"taxonomy":"flags","embeddable":true,"href":"https:\/\/mysenposten.no\/mp\/wp-json\/wp\/v2\/flags?post=4891"}],"curies":[{"name":"wp","href":"https:\/\/api.w.org\/{rel}","templated":true}]}}