{"id":4888,"date":"2015-08-18T22:00:00","date_gmt":"2015-08-18T20:00:00","guid":{"rendered":"https:\/\/indre24.no\/mptest\/2015\/08\/18\/det-har-skjedd-mye-i-eidsberg\/"},"modified":"2015-08-18T22:00:00","modified_gmt":"2015-08-18T20:00:00","slug":"det-har-skjedd-mye-i-eidsberg","status":"publish","type":"post","link":"https:\/\/mysenposten.no\/mp\/2015\/08\/18\/det-har-skjedd-mye-i-eidsberg\/","title":{"rendered":"Det har skjedd mye i Eidsberg"},"content":{"rendered":"\n<p><span style=\"color: #000000\"><strong>LESERINNLEGG<\/strong><\/span><\/p>\n<p><strong>Valget i Eidsberg i 2011 resulterte i et nytt politisk flertall best\u00e5ende av samarbeidspartiene H\u00f8yre, Venstre og Kristelig Folkeparti. I avtalen mellom v\u00e5re tre partier var det enighet om f\u00f8lgende hovedprioriteringer i denne perioden: Mer \u00e5penhet, \u00f8kt satsing p\u00e5 skole og barnehage og nei til eiendomsskatt. Vi styrer etter denne kursen.<\/strong><\/p>\n<p><strong>\u00c5penhet<\/strong><br \/>Med ordf\u00f8rer Erik Unaas har vi f\u00e5tt en aktiv og synlig ordf\u00f8rer som i s\u00e6rlig grad har vektlagt \u00e5penhet. Vi kan nevne ukentlige ordf\u00f8rertimer p\u00e5 biblioteket\/Kulturtorget, stor aktivitet p\u00e5 Facebook og i andre medier, \u00f8kt satsing p\u00e5 digital informasjon og dialog fra kommunen og utbygget Servicetorg og bibliotek.\u00a0 Vi tror de fleste f\u00f8ler Eidsberg kommune har bygget positivt omd\u00f8mme og er mer synlig n\u00e5 enn tidligere.<\/p>\n<p><strong>Bedre skole \u2013 og nytt bad<\/strong><br \/>N\u00e5r det gjelder skole, kan vi blant annet vise til \u00f8kt st\u00f8tte til etterutdanning av l\u00e6rere og tett oppf\u00f8lging av skolens arbeid.\u00a0 Dessuten har et nytt bad blitt satt \u00f8verst p\u00e5 prioriteringslista \u2013 med avsetning av midler gjennom flere \u00e5r. Festiviteten bad vil i l\u00f8pet av f\u00e5 \u00e5r m\u00e5tte erstattes, og da trengs et nytt anlegg for blant annet \u00e5 gjennomf\u00f8re n\u00f8dvendig skolesv\u00f8mming.<\/p>\n<p><strong>Likeverdige barnehager<\/strong><br \/>Eidsberg kommune har meget god barnehagedekning. Dette skyldes blant annet den h\u00f8ye andelen av private barnehager, som st\u00e5r for litt over halvparten av alle plassene. Flertallsposisjonen har arbeidet aktivt for \u00e5 likebehandle disse med kommunens egne barnehager, blant annet gjennom flere telletidspunkt, som er avgj\u00f8rende for den \u00f8konomiske st\u00f8tten disse f\u00e5r. I perioden er det ogs\u00e5 vedtatt \u00e5 bygge ny kommunal barnehage ved Edwin Ruud.<\/p>\n<p><strong>Ikke eiendomsskatt i perioden<\/strong><br \/>Til tross for dystre advarsler fra andre partier, har det lykkes flertallet \u00e5 holde utgiftene p\u00e5 et slikt niv\u00e5 at man har klart seg uten eiendomsskatt i perioden. Noen prosjekter har man m\u00e5ttet si nei til eller utsette. Eidsberg og R\u00f8mskog er n\u00e5 de eneste to kommuner i \u00d8stfold uten noen form for eiendomsskatt.<\/p>\n<p>Dette er noen eksempler fra 4-\u00e5rsperioden som snart ligger bak oss. Samarbeidet mellom v\u00e5re tre partier har v\u00e6rt l\u00e6rerikt, og kommunen har utviklet seg positivt og framtidsrettet, ikke minst takket v\u00e6re v\u00e5r offensive ordf\u00f8rer Erik Unaas, som har v\u00e6rt med \u00e5 gi kommunen et mer dynamisk og utadrettet preg.<\/p>\n<p><strong>\u00d8ivind Reymert<\/strong>, varaordf\u00f8rer \/ gruppeleder KrF<br \/><strong>Ingunn Herstad Hensel<\/strong>, gruppeleder V<br \/><strong>Espen Volden<\/strong>, gruppeleder H<\/p>\n","protected":false},"excerpt":{"rendered":"<\/p>\n<p>Leserinnlegg fra \u00d8ivind Reymert (KrF), Ingunn Herstad Hensel (V) og Espen Volden (H).<\/p>\n","protected":false},"author":2,"featured_media":3891,"comment_status":"open","ping_status":"open","sticky":false,"template":"","format":"standard","meta":{"footnotes":""},"categories":[1],"tags":[],"post_format":[],"flags":[],"class_list":["post-4888","post","type-post","status-publish","format-standard","has-post-thumbnail","hentry","category-ukategorisert"],"cc_featured_image_caption":{"caption_text":false,"source_text":false,"source_url":false},"_links":{"self":[{"href":"https:\/\/mysenposten.no\/mp\/wp-json\/wp\/v2\/posts\/4888","targetHints":{"allow":["GET"]}}],"collection":[{"href":"https:\/\/mysenposten.no\/mp\/wp-json\/wp\/v2\/posts"}],"about":[{"href":"https:\/\/mysenposten.no\/mp\/wp-json\/wp\/v2\/types\/post"}],"author":[{"embeddable":true,"href":"https:\/\/mysenposten.no\/mp\/wp-json\/wp\/v2\/users\/2"}],"replies":[{"embeddable":true,"href":"https:\/\/mysenposten.no\/mp\/wp-json\/wp\/v2\/comments?post=4888"}],"version-history":[{"count":0,"href":"https:\/\/mysenposten.no\/mp\/wp-json\/wp\/v2\/posts\/4888\/revisions"}],"wp:attachment":[{"href":"https:\/\/mysenposten.no\/mp\/wp-json\/wp\/v2\/media?parent=4888"}],"wp:term":[{"taxonomy":"category","embeddable":true,"href":"https:\/\/mysenposten.no\/mp\/wp-json\/wp\/v2\/categories?post=4888"},{"taxonomy":"post_tag","embeddable":true,"href":"https:\/\/mysenposten.no\/mp\/wp-json\/wp\/v2\/tags?post=4888"},{"taxonomy":"post_format","embeddable":true,"href":"https:\/\/mysenposten.no\/mp\/wp-json\/wp\/v2\/post_format?post=4888"},{"taxonomy":"flags","embeddable":true,"href":"https:\/\/mysenposten.no\/mp\/wp-json\/wp\/v2\/flags?post=4888"}],"curies":[{"name":"wp","href":"https:\/\/api.w.org\/{rel}","templated":true}]}}