{"id":4886,"date":"2015-08-15T22:00:00","date_gmt":"2015-08-15T20:00:00","guid":{"rendered":"https:\/\/indre24.no\/mptest\/2015\/08\/15\/senk-farten-for-forsteklassingene\/"},"modified":"2015-08-15T22:00:00","modified_gmt":"2015-08-15T20:00:00","slug":"senk-farten-for-forsteklassingene","status":"publish","type":"post","link":"https:\/\/mysenposten.no\/mp\/2015\/08\/15\/senk-farten-for-forsteklassingene\/","title":{"rendered":"\u2013 Senk farten for f\u00f8rsteklassingene"},"content":{"rendered":"\n<p><span style=\"font-size: 14pt\"><strong>Mandag 17. august er f\u00f8rste skoledag etter sommerferien, og mange barn skal ta fatt p\u00e5 skoleveien for f\u00f8rste gang.<\/strong> <\/span><\/p>\n<p>Aksjon skolestart er i gang, og Statens vegvesen og \u00d8stfold fylkeskommune oppfordrer trafikantene til \u00e5 senke farten. Det er i \u00e5r 3300 f\u00f8rsteklassinger i \u00d8stfold.<\/p>\n<p>Aksjonen handler om \u00e5 gi barna en trygg og sikker skolevei. <br \/>\u2013 Skolestartskilt og bannere skal minne bilf\u00f8rerne om at de m\u00e5 senke farten n\u00e5r de passerer skolebarna. Samtidig har alle f\u00f8rsteklassingene f\u00e5tt utdelt oransje skolesekker som skal gj\u00f8re dem ekstra synlige, forteller J\u00f8rn Claudius i Statens vegvesen i en pressemelding.<\/p>\n<p>Han opplyser at ved skolene vil aksjonskomiteen ta imot barna p\u00e5 en sikker m\u00e5te n\u00e5r de skal krysse veien eller g\u00e5 av og p\u00e5 skolebussene.<\/p>\n<p>Det varsles ogs\u00e5 flere trafikkontroller fra politiet og Statens vegvesen de f\u00f8rste skoleukene.<\/p>\n<p>\u2013 Mange foreldre kj\u00f8rer barna til og fra skolen selv om skoleveien er tilrettelagt med fortau eller gang- og sykkelvei. Det skaper mye biltrafikk rundt skolene, som igjen kan f\u00f8re til trafikkfarlige situasjoner. Flere skoler har opprettet egne plasser for av- og p\u00e5stigning for elevene. Ved \u00e5 benytte disse plassene blir det sikrere for barna \u00e5 ferdes i skolens n\u00e6romr\u00e5de. Helsegevinstene ved \u00e5 g\u00e5 eller sykle er i tillegg s\u00e5 store at barna ikke b\u00f8r kj\u00f8res selv om foreldrene skal samme vei, avslutter Claudius.<\/p>\n<div class=\"ja-typo-legend legend-rounded legend-2\">\n<h3 class=\"legend-title\">Fakta om Aksjon skolestart i \u00d8stfold<\/h3>\n<p> \u2022 Kampanje som skal bidra til \u00e5 gi barna en trafikksikker skolevei. Samtidig fokuseres det p\u00e5 gevinster ved \u00e5 g\u00e5 eller sykle til skolen.<br \/>\u2022 F\u00f8rsteklassingene f\u00e5r utdelt oransje skolesekker. Foreldrene f\u00e5r informasjonsmateriell.<br \/>\u2022 Statens vegvesen monterer skolestartskilt langs riks- og fylkesveiene, og skolene setter i gang ordning med trafikkvakter og ledsagere.<br \/>\u2022 Politiet og Statens vegvesen gjennomf\u00f8rer kontroller langs utvalgte skoleveier.<br \/>\u2022 Aksjonen er et samarbeid mellom skolene, FAU\/foreldrene, \u00d8stfold fylkeskommune, Statens vegvesen, Trygg Trafikk og politiet.<br \/>\u2022 Siden 6-\u00e5ringene begynte p\u00e5 skolen i 1997 har ingen f\u00f8rsteklassinger blitt drept eller hardt skadd p\u00e5 skolevei i \u00d8stfold. M\u00e5let er at det fortsetter slik.<\/div>\n<p style=\"text-align: right\"><em>KILDE: Pressemelding<\/em><\/p>\n<hr \/>\n<p><strong>EKSTERN LENKE:<\/strong> <span style=\"color: #800000\"><a style=\"color: #800000\" href=\"http:\/\/www.eidsberg.kommune.no\/skolestart-mandag-17-august.5076967-194635.html\" target=\"_blank\" rel=\"alternate\">Skolestart i Eidsberg<\/a><\/span><\/p>\n","protected":false},"excerpt":{"rendered":"<\/p>\n<p>Mandag 17. august er f\u00f8rste skoledag etter sommerferien, og mange barn skal ta fatt p\u00e5 skoleveien for f\u00f8rste gang.<\/p>\n","protected":false},"author":1,"featured_media":4885,"comment_status":"open","ping_status":"open","sticky":false,"template":"","format":"standard","meta":{"footnotes":""},"categories":[1],"tags":[],"post_format":[],"flags":[],"class_list":["post-4886","post","type-post","status-publish","format-standard","has-post-thumbnail","hentry","category-ukategorisert"],"cc_featured_image_caption":{"caption_text":false,"source_text":false,"source_url":false},"_links":{"self":[{"href":"https:\/\/mysenposten.no\/mp\/wp-json\/wp\/v2\/posts\/4886","targetHints":{"allow":["GET"]}}],"collection":[{"href":"https:\/\/mysenposten.no\/mp\/wp-json\/wp\/v2\/posts"}],"about":[{"href":"https:\/\/mysenposten.no\/mp\/wp-json\/wp\/v2\/types\/post"}],"author":[{"embeddable":true,"href":"https:\/\/mysenposten.no\/mp\/wp-json\/wp\/v2\/users\/1"}],"replies":[{"embeddable":true,"href":"https:\/\/mysenposten.no\/mp\/wp-json\/wp\/v2\/comments?post=4886"}],"version-history":[{"count":0,"href":"https:\/\/mysenposten.no\/mp\/wp-json\/wp\/v2\/posts\/4886\/revisions"}],"wp:attachment":[{"href":"https:\/\/mysenposten.no\/mp\/wp-json\/wp\/v2\/media?parent=4886"}],"wp:term":[{"taxonomy":"category","embeddable":true,"href":"https:\/\/mysenposten.no\/mp\/wp-json\/wp\/v2\/categories?post=4886"},{"taxonomy":"post_tag","embeddable":true,"href":"https:\/\/mysenposten.no\/mp\/wp-json\/wp\/v2\/tags?post=4886"},{"taxonomy":"post_format","embeddable":true,"href":"https:\/\/mysenposten.no\/mp\/wp-json\/wp\/v2\/post_format?post=4886"},{"taxonomy":"flags","embeddable":true,"href":"https:\/\/mysenposten.no\/mp\/wp-json\/wp\/v2\/flags?post=4886"}],"curies":[{"name":"wp","href":"https:\/\/api.w.org\/{rel}","templated":true}]}}