{"id":3133,"date":"2011-01-06T22:39:32","date_gmt":"2011-01-06T21:39:32","guid":{"rendered":"https:\/\/indre24.no\/mptest\/2011\/01\/06\/olaf-rye-rennet-som-prove-vm\/"},"modified":"2011-01-06T22:39:32","modified_gmt":"2011-01-06T21:39:32","slug":"olaf-rye-rennet-som-prove-vm","status":"publish","type":"post","link":"https:\/\/mysenposten.no\/mp\/2011\/01\/06\/olaf-rye-rennet-som-prove-vm\/","title":{"rendered":"Olaf Rye-rennet som &laquo;pr\u00f8ve-VM&raquo;"},"content":{"rendered":"\n<\/p>\n<p><strong>Det er for tredje gang duket for Olaf Ryes Minnerenn i Heensfjerdingen i Eidsberg kommune \u2013 til minne om den f\u00f8rste offisielle FIS-verdensrekorden i hopp som ble satt samme sted i 1808 (9,5 meter). <\/strong><\/p>\n<p>\u00c5rets arrangement g\u00e5r l\u00f8rdag 19. februar. Nok en gang med en spesiell ramme. I fjor gikk rennet samme dag som OL-\u00e5pningen i Vancouver, og da ble selvsagt tenning av OL-ilden. N\u00e5r det nostalgiske konkurransen g\u00e5r denne gangen, er det bare fire dager til ski-VM starter i Holmenkollen. Da tar selvsagt Olaf Rye-entusiastene status som pr\u00f8ve-VM.<\/p>\n<p>&#8211; Det er \u201d\u00e5pen\u201d deltakelse, bare du har ski og utstyr fra forrige generasjon hopp. Vi garanterer god stemning, og h\u00e5per p\u00e5 stor oppslutning b\u00e5de fra deltakere og fra publikum, sier Erik Unaas, leder av organisasjonskomiteen i en pressemelding.<\/p>\n<p>En av de trofaste deltakerne er varaordf\u00f8rer i Eidsberg, Einar Antonsen. Fast \u00e6resgjest er Kjell Knarvik fra Mysen IF, deltaker i den f\u00f8rste hoppuka i 1951. Noen andre \u201drikskjendiser\u201d fra idrettens verden er ogs\u00e5 ventet p\u00e5 plass denne dagen.<\/p>\n<p><strong>Suksess<\/strong><br \/>Begge de to tidligere renn har v\u00e6rt stor suksess, med sn\u00f8, mange kuldegrader og festkledde hoppere og tilskuere til \u00e6re for milit\u00e6rhelten Olaf Rye som gjorde dette den gang utrolige svevet for dr\u00f8ye 200 \u00e5r siden.<\/p>\n<p>Derfor \u00f8nsker arrang\u00f8rene i Berger g\u00e5rd skilag en viss nostalgisk ramme om rennet. Med hoppere (aldersgrense 18 \u00e5r) helst i gammelt utstyr, den samme gelder publikum som kommer til en arena med b\u00e5l, hester og mye liv. Bakken blir liggende i etterkant, slik at barna i distriktet kan benytte den b\u00e5de til hopp og andre skileik-aktiviteter.<\/p>\n","protected":false},"excerpt":{"rendered":"<\/p>\n<p>(07.01.11): Det er for tredje gang duket for Olaf Ryes Minnerenn i Heensfjerdingen i Eidsberg kommune.<\/p>\n","protected":false},"author":1,"featured_media":3132,"comment_status":"open","ping_status":"open","sticky":false,"template":"","format":"standard","meta":{"footnotes":""},"categories":[1],"tags":[],"post_format":[],"flags":[],"class_list":["post-3133","post","type-post","status-publish","format-standard","has-post-thumbnail","hentry","category-ukategorisert"],"cc_featured_image_caption":{"caption_text":false,"source_text":false,"source_url":false},"_links":{"self":[{"href":"https:\/\/mysenposten.no\/mp\/wp-json\/wp\/v2\/posts\/3133","targetHints":{"allow":["GET"]}}],"collection":[{"href":"https:\/\/mysenposten.no\/mp\/wp-json\/wp\/v2\/posts"}],"about":[{"href":"https:\/\/mysenposten.no\/mp\/wp-json\/wp\/v2\/types\/post"}],"author":[{"embeddable":true,"href":"https:\/\/mysenposten.no\/mp\/wp-json\/wp\/v2\/users\/1"}],"replies":[{"embeddable":true,"href":"https:\/\/mysenposten.no\/mp\/wp-json\/wp\/v2\/comments?post=3133"}],"version-history":[{"count":0,"href":"https:\/\/mysenposten.no\/mp\/wp-json\/wp\/v2\/posts\/3133\/revisions"}],"wp:featuredmedia":[{"embeddable":true,"href":"https:\/\/mysenposten.no\/mp\/wp-json\/wp\/v2\/media\/3132"}],"wp:attachment":[{"href":"https:\/\/mysenposten.no\/mp\/wp-json\/wp\/v2\/media?parent=3133"}],"wp:term":[{"taxonomy":"category","embeddable":true,"href":"https:\/\/mysenposten.no\/mp\/wp-json\/wp\/v2\/categories?post=3133"},{"taxonomy":"post_tag","embeddable":true,"href":"https:\/\/mysenposten.no\/mp\/wp-json\/wp\/v2\/tags?post=3133"},{"taxonomy":"post_format","embeddable":true,"href":"https:\/\/mysenposten.no\/mp\/wp-json\/wp\/v2\/post_format?post=3133"},{"taxonomy":"flags","embeddable":true,"href":"https:\/\/mysenposten.no\/mp\/wp-json\/wp\/v2\/flags?post=3133"}],"curies":[{"name":"wp","href":"https:\/\/api.w.org\/{rel}","templated":true}]}}