{"id":1868,"date":"2018-12-29T13:48:00","date_gmt":"2018-12-29T12:48:00","guid":{"rendered":"https:\/\/mysenposten.no\/mp\/?p=1868"},"modified":"2018-12-29T14:01:43","modified_gmt":"2018-12-29T13:01:43","slug":"mann-pagrepet-for-personran","status":"publish","type":"post","link":"https:\/\/mysenposten.no\/mp\/2018\/12\/29\/mann-pagrepet-for-personran\/","title":{"rendered":"Mann p\u00e5grepet for personran"},"content":{"rendered":"\n<p><strong>Like f\u00f8r klokken 11.00 l\u00f8rdag fikk politiet melding om et personran p\u00e5 privat sted i Mysen.<\/strong> <\/p>\n\n\n\n<p>To personer ble fratatt sine mobiltelefoner. <br><br>\u2013 Gjerningspersonen ble p\u00e5grepet av politiet p\u00e5 et tog ved Mysen togstasjon omlag 40 minutter senere, skriver politiet \u00d8st p\u00e5 Twitter. <\/p>\n\n\n\n<p>Videre skriver de at siktede er en mann i slutten av ten\u00e5rene, og kjent av politiet fra tidligere.<\/p>\n\n\n\n<p>\u2013 Ingen av de forn\u00e6rmede ble skadet, men de ble dyttet og sparket i forbindelse med ranet. Siktede er kj\u00f8rt arrest, opplyser politiet.  <\/p>\n\n\n\n<p><\/p>\n","protected":false},"excerpt":{"rendered":"<p>Like f\u00f8r klokken 11.00 l\u00f8rdag fikk politiet melding om et personran p\u00e5 privat sted i Mysen. To personer ble fratatt sine mobiltelefoner. \u2013 Gjerningspersonen ble p\u00e5grepet av politiet p\u00e5 et tog ved Mysen togstasjon omlag 40 minutter senere, skriver politiet \u00d8st p\u00e5 Twitter. Videre skriver de at siktede er en mann i slutten av ten\u00e5rene, &hellip;<\/p>\n","protected":false},"author":3,"featured_media":1869,"comment_status":"open","ping_status":"open","sticky":false,"template":"","format":"standard","meta":{"footnotes":""},"categories":[2],"tags":[36,46],"post_format":[],"flags":[],"class_list":["post-1868","post","type-post","status-publish","format-standard","has-post-thumbnail","hentry","category-aktuelt","tag-mysen","tag-politi"],"cc_featured_image_caption":{"caption_text":"Personen ble p\u00e5grepet her ved togstasjonen. Foto: Glenn Thomas Nilsen","source_text":"","source_url":""},"_links":{"self":[{"href":"https:\/\/mysenposten.no\/mp\/wp-json\/wp\/v2\/posts\/1868","targetHints":{"allow":["GET"]}}],"collection":[{"href":"https:\/\/mysenposten.no\/mp\/wp-json\/wp\/v2\/posts"}],"about":[{"href":"https:\/\/mysenposten.no\/mp\/wp-json\/wp\/v2\/types\/post"}],"author":[{"embeddable":true,"href":"https:\/\/mysenposten.no\/mp\/wp-json\/wp\/v2\/users\/3"}],"replies":[{"embeddable":true,"href":"https:\/\/mysenposten.no\/mp\/wp-json\/wp\/v2\/comments?post=1868"}],"version-history":[{"count":2,"href":"https:\/\/mysenposten.no\/mp\/wp-json\/wp\/v2\/posts\/1868\/revisions"}],"predecessor-version":[{"id":1871,"href":"https:\/\/mysenposten.no\/mp\/wp-json\/wp\/v2\/posts\/1868\/revisions\/1871"}],"wp:featuredmedia":[{"embeddable":true,"href":"https:\/\/mysenposten.no\/mp\/wp-json\/wp\/v2\/media\/1869"}],"wp:attachment":[{"href":"https:\/\/mysenposten.no\/mp\/wp-json\/wp\/v2\/media?parent=1868"}],"wp:term":[{"taxonomy":"category","embeddable":true,"href":"https:\/\/mysenposten.no\/mp\/wp-json\/wp\/v2\/categories?post=1868"},{"taxonomy":"post_tag","embeddable":true,"href":"https:\/\/mysenposten.no\/mp\/wp-json\/wp\/v2\/tags?post=1868"},{"taxonomy":"post_format","embeddable":true,"href":"https:\/\/mysenposten.no\/mp\/wp-json\/wp\/v2\/post_format?post=1868"},{"taxonomy":"flags","embeddable":true,"href":"https:\/\/mysenposten.no\/mp\/wp-json\/wp\/v2\/flags?post=1868"}],"curies":[{"name":"wp","href":"https:\/\/api.w.org\/{rel}","templated":true}]}}