{"id":1822,"date":"2018-12-28T09:00:43","date_gmt":"2018-12-28T08:00:43","guid":{"rendered":"https:\/\/mysenposten.no\/mp\/?p=1822"},"modified":"2018-12-27T21:52:23","modified_gmt":"2018-12-27T20:52:23","slug":"kjor-rolig-forbi-skadestedet","status":"publish","type":"post","link":"https:\/\/mysenposten.no\/mp\/2018\/12\/28\/kjor-rolig-forbi-skadestedet\/","title":{"rendered":"\u2013 Kj\u00f8r rolig forbi skadestedet"},"content":{"rendered":"\n<p><strong>Brannvesenet har en oppfordring til de som kommer over en trafikkulykke:&nbsp;<\/strong><br><br>\u2013 Om du i bil m\u00f8ter oss eller noen av de andre n\u00f8detatene som st\u00e5r i en trafikkulykke. Kj\u00f8r veldig rolig forbi skadestedet n\u00e5r du blir dirigert forbi. Vi opplever at en del kj\u00f8rer litt for fort forbi, og dette medf\u00f8rer en del risiko for oss. Vi klarer ikke alltid \u00e5 jobbe rundt et skadested og ha full kontroll p\u00e5 det som skjer bak ryggene v\u00e5re, skrev <a href=\"https:\/\/www.facebook.com\/Aremarkbv\/\">Aremark brannvesen p\u00e5 sin Facebook-side<\/a> tirsdag ettermiddag. &nbsp;<br><br>Innlegget ble postet etter at det skjedde en trafikkulykke i Aremark f\u00f8rste juledag. <\/p>\n\n\n\n<p>En bil var involvert i ulykken. F\u00f8reren ble i f\u00f8lge politiet angivelig ikke skadd, men likevel sendt til sykehus for sjekk. <br><br>Det skal ha v\u00e6rt meget glatt p\u00e5 stedet.  <br><\/p>\n","protected":false},"excerpt":{"rendered":"<p>Brannvesenet har en oppfordring til de som kommer over en trafikkulykke:&nbsp;\u2013 Om du i bil m\u00f8ter oss eller noen av de andre n\u00f8detatene som st\u00e5r i en trafikkulykke. Kj\u00f8r veldig rolig forbi skadestedet n\u00e5r du blir dirigert forbi. Vi opplever at en del kj\u00f8rer litt for fort forbi, og dette medf\u00f8rer en del risiko for &hellip;<\/p>\n","protected":false},"author":3,"featured_media":1402,"comment_status":"open","ping_status":"open","sticky":false,"template":"","format":"standard","meta":{"footnotes":""},"categories":[2,12],"tags":[42,45,46,54,55],"post_format":[],"flags":[],"class_list":["post-1822","post","type-post","status-publish","format-standard","has-post-thumbnail","hentry","category-aktuelt","category-ostfold","tag-nodetatene","tag-ostfold","tag-politi","tag-trafikk","tag-trafikkulykke"],"cc_featured_image_caption":{"caption_text":"Bildet er fra en ulykke p\u00e5 Slitu tidligere i desember. (Illustrasjonsfoto: Glenn Thomas Nilsen)","source_text":"","source_url":""},"_links":{"self":[{"href":"https:\/\/mysenposten.no\/mp\/wp-json\/wp\/v2\/posts\/1822","targetHints":{"allow":["GET"]}}],"collection":[{"href":"https:\/\/mysenposten.no\/mp\/wp-json\/wp\/v2\/posts"}],"about":[{"href":"https:\/\/mysenposten.no\/mp\/wp-json\/wp\/v2\/types\/post"}],"author":[{"embeddable":true,"href":"https:\/\/mysenposten.no\/mp\/wp-json\/wp\/v2\/users\/3"}],"replies":[{"embeddable":true,"href":"https:\/\/mysenposten.no\/mp\/wp-json\/wp\/v2\/comments?post=1822"}],"version-history":[{"count":4,"href":"https:\/\/mysenposten.no\/mp\/wp-json\/wp\/v2\/posts\/1822\/revisions"}],"predecessor-version":[{"id":1862,"href":"https:\/\/mysenposten.no\/mp\/wp-json\/wp\/v2\/posts\/1822\/revisions\/1862"}],"wp:featuredmedia":[{"embeddable":true,"href":"https:\/\/mysenposten.no\/mp\/wp-json\/wp\/v2\/media\/1402"}],"wp:attachment":[{"href":"https:\/\/mysenposten.no\/mp\/wp-json\/wp\/v2\/media?parent=1822"}],"wp:term":[{"taxonomy":"category","embeddable":true,"href":"https:\/\/mysenposten.no\/mp\/wp-json\/wp\/v2\/categories?post=1822"},{"taxonomy":"post_tag","embeddable":true,"href":"https:\/\/mysenposten.no\/mp\/wp-json\/wp\/v2\/tags?post=1822"},{"taxonomy":"post_format","embeddable":true,"href":"https:\/\/mysenposten.no\/mp\/wp-json\/wp\/v2\/post_format?post=1822"},{"taxonomy":"flags","embeddable":true,"href":"https:\/\/mysenposten.no\/mp\/wp-json\/wp\/v2\/flags?post=1822"}],"curies":[{"name":"wp","href":"https:\/\/api.w.org\/{rel}","templated":true}]}}