{"id":1025,"date":"2018-10-14T22:03:58","date_gmt":"2018-10-14T20:03:58","guid":{"rendered":"http:\/\/indre24.no\/?p=1025"},"modified":"2018-12-27T12:45:48","modified_gmt":"2018-12-27T11:45:48","slug":"flere-lykter-tent-langs-mysenelva","status":"publish","type":"post","link":"https:\/\/mysenposten.no\/mp\/2018\/10\/14\/flere-lykter-tent-langs-mysenelva\/","title":{"rendered":"Flere lykter tent langs Mysenelva"},"content":{"rendered":"<p><strong>S\u00f8ndag ettermiddag var det klart for \u00e5rets elvedag ved Mysenelva. Se bilder fra arrangementet.<\/strong><\/p>\n<p>Elvedagen er et \u00e5rlig arrangement i regi av Mysenelvas venner, og ble i \u00e5r arrangert ved Birkelunden.<\/p>\n<p>P\u00e5 programmet sto blant annet underholdning av Lars Johansson, Torleif Pettersen og Mysen skolekorps. I tillegg ble det premiering i fiskekonkurransen for barn, taler, samt utstilling av bilder som er \u00e5 finne i Mysenelvas kunstkalender for 2019. De fremm\u00f8tte kunne ogs\u00e5 kj\u00f8pe seg noe \u00e5 bite i og slukke t\u00f8rsten med.<\/p>\n<p>Arrangementet ble avsluttet med tenning av de nye &laquo;gatelysene&raquo; langs stien mellom Sparebankbrua og Birkelunden. I fjor ble strekningen mellom Kloppa og Sparebankbrua lyssatt. Arbeidet med \u00e5 montere lyktestolper fortsetter, og neste strekning tennes neste \u00e5r.<\/p>\n<p><strong><span style=\"color: #800000\"><a style=\"color: #800000\" href=\"https:\/\/www.mysenposten.no\/nyheter\/index.php\/arkiv\/item\/4892-flere-lykter-tent-langs-mysenelva\">\u2022 Klikk her for \u00e5 se bildegalleri<\/a><\/span><\/strong><\/p>\n","protected":false},"excerpt":{"rendered":"<p>S\u00f8ndag ettermiddag var det klart for \u00e5rets elvedag ved Mysenelva. Se bilder fra arrangementet. Elvedagen er et \u00e5rlig arrangement i regi av Mysenelvas venner, og ble i \u00e5r arrangert ved Birkelunden. P\u00e5 programmet sto blant annet underholdning av Lars Johansson, Torleif Pettersen og Mysen skolekorps. I tillegg ble det premiering i fiskekonkurransen for barn, taler, &hellip;<\/p>\n","protected":false},"author":1,"featured_media":1026,"comment_status":"open","ping_status":"open","sticky":false,"template":"","format":"standard","meta":{"footnotes":""},"categories":[2,11,14],"tags":[37],"post_format":[],"flags":[],"class_list":["post-1025","post","type-post","status-publish","format-standard","has-post-thumbnail","hentry","category-aktuelt","category-opplevelser","category-reiseliv","tag-mysenelva"],"cc_featured_image_caption":{"caption_text":"N\u00e5 er flere lykter p\u00e5 plass langs Mysenelva. (FOTO: Adrian Sellstr\u00f8m)","source_text":"","source_url":""},"_links":{"self":[{"href":"https:\/\/mysenposten.no\/mp\/wp-json\/wp\/v2\/posts\/1025","targetHints":{"allow":["GET"]}}],"collection":[{"href":"https:\/\/mysenposten.no\/mp\/wp-json\/wp\/v2\/posts"}],"about":[{"href":"https:\/\/mysenposten.no\/mp\/wp-json\/wp\/v2\/types\/post"}],"author":[{"embeddable":true,"href":"https:\/\/mysenposten.no\/mp\/wp-json\/wp\/v2\/users\/1"}],"replies":[{"embeddable":true,"href":"https:\/\/mysenposten.no\/mp\/wp-json\/wp\/v2\/comments?post=1025"}],"version-history":[{"count":1,"href":"https:\/\/mysenposten.no\/mp\/wp-json\/wp\/v2\/posts\/1025\/revisions"}],"predecessor-version":[{"id":1855,"href":"https:\/\/mysenposten.no\/mp\/wp-json\/wp\/v2\/posts\/1025\/revisions\/1855"}],"wp:featuredmedia":[{"embeddable":true,"href":"https:\/\/mysenposten.no\/mp\/wp-json\/wp\/v2\/media\/1026"}],"wp:attachment":[{"href":"https:\/\/mysenposten.no\/mp\/wp-json\/wp\/v2\/media?parent=1025"}],"wp:term":[{"taxonomy":"category","embeddable":true,"href":"https:\/\/mysenposten.no\/mp\/wp-json\/wp\/v2\/categories?post=1025"},{"taxonomy":"post_tag","embeddable":true,"href":"https:\/\/mysenposten.no\/mp\/wp-json\/wp\/v2\/tags?post=1025"},{"taxonomy":"post_format","embeddable":true,"href":"https:\/\/mysenposten.no\/mp\/wp-json\/wp\/v2\/post_format?post=1025"},{"taxonomy":"flags","embeddable":true,"href":"https:\/\/mysenposten.no\/mp\/wp-json\/wp\/v2\/flags?post=1025"}],"curies":[{"name":"wp","href":"https:\/\/api.w.org\/{rel}","templated":true}]}}