{"id":1020,"date":"2018-10-02T14:21:37","date_gmt":"2018-10-02T12:21:37","guid":{"rendered":"http:\/\/indre24.no\/?p=1020"},"modified":"2018-10-02T14:21:37","modified_gmt":"2018-10-02T12:21:37","slug":"soker-store-juletraer","status":"publish","type":"post","link":"https:\/\/mysenposten.no\/mp\/2018\/10\/02\/soker-store-juletraer\/","title":{"rendered":"S\u00f8ker store juletr\u00e6r"},"content":{"rendered":"<p><strong>Julen n\u00e6rmer seg om man vil eller ikke, og b\u00e5de Eidsberg og Askim kommune er p\u00e5 jakt etter \u00e5rets juletre til torget i Mysen og Askim.<\/strong><\/p>\n<p>&#8211; Parkvesenet i Eidsberg kommune trenger derfor et grantre p\u00e5 minimum 6 meter, som skal f\u00e5 \u00e6ren av \u00e5 st\u00e5 og lyse p\u00e5 torget i julen. Kanskje du har et pent grantre i hagen, som har blitt for stort og som du \u00f8nsker \u00e5 fjerne, skriver de p\u00e5 sin Facebook-side.<\/p>\n<p>Har du et tre som kan passe, kan du kontakte de respektive kommunene for n\u00e6rmere avtale om befaring.<\/p>\n<p>Parkvesenet vil st\u00e5 for hugging og transport.<\/p>\n","protected":false},"excerpt":{"rendered":"<p>Julen n\u00e6rmer seg om man vil eller ikke, og b\u00e5de Eidsberg og Askim kommune er p\u00e5 jakt etter \u00e5rets juletre til torget i Mysen og Askim. &#8211; Parkvesenet i Eidsberg kommune trenger derfor et grantre p\u00e5 minimum 6 meter, som skal f\u00e5 \u00e6ren av \u00e5 st\u00e5 og lyse p\u00e5 torget i julen. Kanskje du har &hellip;<\/p>\n","protected":false},"author":1,"featured_media":1021,"comment_status":"open","ping_status":"open","sticky":false,"template":"","format":"standard","meta":{"footnotes":""},"categories":[2],"tags":[],"post_format":[],"flags":[],"class_list":["post-1020","post","type-post","status-publish","format-standard","has-post-thumbnail","hentry","category-aktuelt"],"cc_featured_image_caption":{"caption_text":"Fjor\u00e5rets juletre p\u00e5 Mysen torg. (ARKIVFOTO: Adrian Sellstr\u00f8m)","source_text":"","source_url":""},"_links":{"self":[{"href":"https:\/\/mysenposten.no\/mp\/wp-json\/wp\/v2\/posts\/1020","targetHints":{"allow":["GET"]}}],"collection":[{"href":"https:\/\/mysenposten.no\/mp\/wp-json\/wp\/v2\/posts"}],"about":[{"href":"https:\/\/mysenposten.no\/mp\/wp-json\/wp\/v2\/types\/post"}],"author":[{"embeddable":true,"href":"https:\/\/mysenposten.no\/mp\/wp-json\/wp\/v2\/users\/1"}],"replies":[{"embeddable":true,"href":"https:\/\/mysenposten.no\/mp\/wp-json\/wp\/v2\/comments?post=1020"}],"version-history":[{"count":0,"href":"https:\/\/mysenposten.no\/mp\/wp-json\/wp\/v2\/posts\/1020\/revisions"}],"wp:featuredmedia":[{"embeddable":true,"href":"https:\/\/mysenposten.no\/mp\/wp-json\/wp\/v2\/media\/1021"}],"wp:attachment":[{"href":"https:\/\/mysenposten.no\/mp\/wp-json\/wp\/v2\/media?parent=1020"}],"wp:term":[{"taxonomy":"category","embeddable":true,"href":"https:\/\/mysenposten.no\/mp\/wp-json\/wp\/v2\/categories?post=1020"},{"taxonomy":"post_tag","embeddable":true,"href":"https:\/\/mysenposten.no\/mp\/wp-json\/wp\/v2\/tags?post=1020"},{"taxonomy":"post_format","embeddable":true,"href":"https:\/\/mysenposten.no\/mp\/wp-json\/wp\/v2\/post_format?post=1020"},{"taxonomy":"flags","embeddable":true,"href":"https:\/\/mysenposten.no\/mp\/wp-json\/wp\/v2\/flags?post=1020"}],"curies":[{"name":"wp","href":"https:\/\/api.w.org\/{rel}","templated":true}]}}