{"id":1015,"date":"2018-08-20T20:08:26","date_gmt":"2018-08-20T18:08:26","guid":{"rendered":"http:\/\/indre24.no\/?p=1015"},"modified":"2018-08-20T20:08:26","modified_gmt":"2018-08-20T18:08:26","slug":"totalforbudet-opphevet","status":"publish","type":"post","link":"https:\/\/mysenposten.no\/mp\/2018\/08\/20\/totalforbudet-opphevet\/","title":{"rendered":"Totalforbudet opphevet"},"content":{"rendered":"<p><strong>Indre \u00d8stfold Brann og Redning har n\u00e5 opphevet totalforbudet mot \u00e5 gj\u00f8re opp ild i og i n\u00e6rheten av skog og annen utmark.<\/strong><\/p>\n<p>De skriver f\u00f8lgende i en pressemelding mandag 20. august:<\/p>\n<p>&laquo;P\u00e5 vegne av brannsjefene i Indre \u00d8stfold, Rakkestad, Halden, Sarpsborg og Mosseregionen oppheves totalforbudet mot \u00e5 gj\u00f8re opp ild i og i n\u00e6rheten av skog og annen utmark.<br \/>\nTil orientering m\u00e5 det fortsatt s\u00f8kes om \u00e5 tenne opp ild i og i n\u00e6rheten av skog og utmark frem til 15. September 2018. Ta kontakt med ditt lokale brannvesen.<\/p>\n<p>Vi minner ogs\u00e5 om aktsomhetsplikten enhver plikter \u00e5 vise ved gjennomf\u00f8ring av aktiviteter som kan f\u00f8re til brann. Jfr. Forskrift om brannforebygging.&raquo;<\/p>\n","protected":false},"excerpt":{"rendered":"<p>Indre \u00d8stfold Brann og Redning har n\u00e5 opphevet totalforbudet mot \u00e5 gj\u00f8re opp ild i og i n\u00e6rheten av skog og annen utmark. De skriver f\u00f8lgende i en pressemelding mandag 20. august: &laquo;P\u00e5 vegne av brannsjefene i Indre \u00d8stfold, Rakkestad, Halden, Sarpsborg og Mosseregionen oppheves totalforbudet mot \u00e5 gj\u00f8re opp ild i og i n\u00e6rheten &hellip;<\/p>\n","protected":false},"author":1,"featured_media":820,"comment_status":"open","ping_status":"open","sticky":false,"template":"","format":"standard","meta":{"footnotes":""},"categories":[2,12],"tags":[],"post_format":[],"flags":[],"class_list":["post-1015","post","type-post","status-publish","format-standard","has-post-thumbnail","hentry","category-aktuelt","category-ostfold"],"cc_featured_image_caption":{"caption_text":" (ARKIVFOTO: Adrian Sellstr\u00f8m)","source_text":"","source_url":""},"_links":{"self":[{"href":"https:\/\/mysenposten.no\/mp\/wp-json\/wp\/v2\/posts\/1015","targetHints":{"allow":["GET"]}}],"collection":[{"href":"https:\/\/mysenposten.no\/mp\/wp-json\/wp\/v2\/posts"}],"about":[{"href":"https:\/\/mysenposten.no\/mp\/wp-json\/wp\/v2\/types\/post"}],"author":[{"embeddable":true,"href":"https:\/\/mysenposten.no\/mp\/wp-json\/wp\/v2\/users\/1"}],"replies":[{"embeddable":true,"href":"https:\/\/mysenposten.no\/mp\/wp-json\/wp\/v2\/comments?post=1015"}],"version-history":[{"count":0,"href":"https:\/\/mysenposten.no\/mp\/wp-json\/wp\/v2\/posts\/1015\/revisions"}],"wp:featuredmedia":[{"embeddable":true,"href":"https:\/\/mysenposten.no\/mp\/wp-json\/wp\/v2\/media\/820"}],"wp:attachment":[{"href":"https:\/\/mysenposten.no\/mp\/wp-json\/wp\/v2\/media?parent=1015"}],"wp:term":[{"taxonomy":"category","embeddable":true,"href":"https:\/\/mysenposten.no\/mp\/wp-json\/wp\/v2\/categories?post=1015"},{"taxonomy":"post_tag","embeddable":true,"href":"https:\/\/mysenposten.no\/mp\/wp-json\/wp\/v2\/tags?post=1015"},{"taxonomy":"post_format","embeddable":true,"href":"https:\/\/mysenposten.no\/mp\/wp-json\/wp\/v2\/post_format?post=1015"},{"taxonomy":"flags","embeddable":true,"href":"https:\/\/mysenposten.no\/mp\/wp-json\/wp\/v2\/flags?post=1015"}],"curies":[{"name":"wp","href":"https:\/\/api.w.org\/{rel}","templated":true}]}}